{"id":1446,"date":"2025-07-18T18:40:00","date_gmt":"2025-07-18T18:40:00","guid":{"rendered":"https:\/\/www.pedrof.com\/blog\/?p=1446"},"modified":"2026-03-03T01:23:15","modified_gmt":"2026-03-03T01:23:15","slug":"completei-o-curso-gestao-moderna-de-projetos","status":"publish","type":"post","link":"https:\/\/www.pedrof.com\/blog\/pt\/2025\/completei-o-curso-gestao-moderna-de-projetos\/","title":{"rendered":"Completei o curso: Gest\u00e3o Moderna de Projetos"},"content":{"rendered":"\n<p>\u00c9 com satisfa\u00e7\u00e3o que comunico que acabo de concluir o curso de 5\u202fdias \u201cGest\u00e3o Moderna de Projetos\u201d, ministrado por <a href=\"https:\/\/www.linkedin.com\/in\/antoniomiguel\" data-type=\"link\" data-id=\"https:\/\/www.linkedin.com\/in\/antoniomiguel\">Ant\u00f3nio\u202fSoares\u202fMiguel, PhD, PMP<\/a>, na Galileu \/ Rumos, em Lisboa.<\/p>\n\n\n\n<p>Nesta forma\u00e7\u00e3o, exclusiva para colaboradores do <a href=\"https:\/\/www.gns.gov.pt\/\" data-type=\"link\" data-id=\"https:\/\/www.gns.gov.pt\/\">Gabinete Nacional de Seguran\u00e7a<\/a> e do <a href=\"https:\/\/www.gns.gov.pt\/\" data-type=\"link\" data-id=\"https:\/\/www.gns.gov.pt\/\">Centro Nacional de Ciberseguran\u00e7a<\/a>, aprendemos a teoria da gest\u00e3o de projetos e tamb\u00e9m pratic\u00e1mos com o Microsoft Project.<\/p>\n\n\n\n<p>Um grande agradecimento ao nosso formador, <a href=\"https:\/\/www.linkedin.com\/in\/antoniomiguel\" data-type=\"link\" data-id=\"https:\/\/www.linkedin.com\/in\/antoniomiguel\">Ant\u00f3nio\u202fMiguel<\/a>, e igualmente ao <a href=\"https:\/\/www.gns.gov.pt\/\" data-type=\"link\" data-id=\"https:\/\/www.gns.gov.pt\/\">Gabinete Nacional de Seguran\u00e7a<\/a>, por patrocinar e proporcionar\u2011nos este curso.<\/p>\n\n\n\n<p><a href=\"https:\/\/www.pedrof.com\/files\/Certificado_Gestao_Moderna_de_Projetos.pdf\" data-type=\"link\" data-id=\"https:\/\/www.pedrof.com\/files\/Certificado_Gestao_Moderna_de_Projetos.pdf\">Certificado<\/a><\/p>\n","protected":false},"excerpt":{"rendered":"<p>\u00c9 com satisfa\u00e7\u00e3o que comunico que acabo de concluir o curso de 5\u202fdias \u201cGest\u00e3o Moderna de Projetos\u201d, ministrado por Ant\u00f3nio\u202fSoares\u202fMiguel, PhD, PMP, na Galileu \/ Rumos, em Lisboa. Nesta forma\u00e7\u00e3o, exclusiva para colaboradores do Gabinete Nacional de Seguran\u00e7a e do Centro Nacional de Ciberseguran\u00e7a, aprendemos a teoria da gest\u00e3o de projetos e tamb\u00e9m pratic\u00e1mos com&hellip; <a class=\"more-link\" href=\"https:\/\/www.pedrof.com\/blog\/pt\/2025\/completei-o-curso-gestao-moderna-de-projetos\/\">Continue reading <span class=\"screen-reader-text\">Completei o curso: Gest\u00e3o Moderna de Projetos<\/span><\/a><\/p>\n","protected":false},"author":1,"featured_media":1420,"comment_status":"closed","ping_status":"open","sticky":false,"template":"","format":"standard","meta":{"footnotes":""},"categories":[100],"tags":[240,282,244],"class_list":["post-1446","post","type-post","status-publish","format-standard","has-post-thumbnail","hentry","category-formacao","tag-cncs-pt","tag-certificado","tag-gns-pt","entry"],"_links":{"self":[{"href":"https:\/\/www.pedrof.com\/blog\/wp-json\/wp\/v2\/posts\/1446","targetHints":{"allow":["GET"]}}],"collection":[{"href":"https:\/\/www.pedrof.com\/blog\/wp-json\/wp\/v2\/posts"}],"about":[{"href":"https:\/\/www.pedrof.com\/blog\/wp-json\/wp\/v2\/types\/post"}],"author":[{"embeddable":true,"href":"https:\/\/www.pedrof.com\/blog\/wp-json\/wp\/v2\/users\/1"}],"replies":[{"embeddable":true,"href":"https:\/\/www.pedrof.com\/blog\/wp-json\/wp\/v2\/comments?post=1446"}],"version-history":[{"count":3,"href":"https:\/\/www.pedrof.com\/blog\/wp-json\/wp\/v2\/posts\/1446\/revisions"}],"predecessor-version":[{"id":1450,"href":"https:\/\/www.pedrof.com\/blog\/wp-json\/wp\/v2\/posts\/1446\/revisions\/1450"}],"wp:featuredmedia":[{"embeddable":true,"href":"https:\/\/www.pedrof.com\/blog\/wp-json\/wp\/v2\/media\/1420"}],"wp:attachment":[{"href":"https:\/\/www.pedrof.com\/blog\/wp-json\/wp\/v2\/media?parent=1446"}],"wp:term":[{"taxonomy":"category","embeddable":true,"href":"https:\/\/www.pedrof.com\/blog\/wp-json\/wp\/v2\/categories?post=1446"},{"taxonomy":"post_tag","embeddable":true,"href":"https:\/\/www.pedrof.com\/blog\/wp-json\/wp\/v2\/tags?post=1446"}],"curies":[{"name":"wp","href":"https:\/\/api.w.org\/{rel}","templated":true}]}}